{"id":10321,"date":"2024-11-14T11:08:09","date_gmt":"2024-11-14T15:08:09","guid":{"rendered":"https:\/\/www.kalitepouviv.fr\/?p=10321"},"modified":"2024-11-14T11:08:10","modified_gmt":"2024-11-14T15:08:10","slug":"sensibilisation-aux-enjeux-de-la-bientraitance-formation-de-lequipe-en-decembre-2024","status":"publish","type":"post","link":"https:\/\/www.kalitepouviv.fr\/index.php\/2024\/11\/14\/sensibilisation-aux-enjeux-de-la-bientraitance-formation-de-lequipe-en-decembre-2024\/","title":{"rendered":"Sensibilisation aux enjeux de la bientraitance -Formation de l&rsquo;\u00e9quipe en d\u00e9cembre 2024"},"content":{"rendered":"<div class=\"annotations__AnnotationWithBorder-sc-ca966592-1 gLTFfn\">\n<h2 id=\"74469c97-e51d-4970-9615-f8eb7c4ea948\" class=\"Title__H2-sc-51105d2-1 cyqekp Title-sc-51105d2-6 HeadingNode__Container-sc-d825e5d0-0 hipMAL bRvyFB\" data-slate-object=\"block\" data-key=\"kLBPr3jNk9qAtrz4AcAC7o\" data-node-type=\"heading\" data-node-parent=\"document\"><span data-slate-object=\"text\" data-key=\"4DZyVPMMNCUzTn5ErLgMni\"><span class=\"rich__FontColor-sc-33454a8f-0 hYkJxU\" data-slate-object=\"mark\">SENSIBILISATION AUX ENJEUX DE LA BIENTRAITANCE : <strong data-slate-object=\"mark\">La bientraitance, l\u2019affaire de tous pour tous !<\/strong><\/span><\/span><\/h2>\n<\/div>\n\n\n<div class=\"is-content-justification-center is-layout-flex wp-container-1 wp-block-buttons\"><\/div>\n\n\n<div class=\"wp-block-image\">\n<figure class=\"alignleft size-large is-resized\"><img decoding=\"async\" loading=\"lazy\" src=\"https:\/\/www.kalitepouviv.fr\/wp-content\/uploads\/2024\/11\/Equipe-de-travail-Canva-1024x593.png\" alt=\"\" class=\"wp-image-10323\" width=\"511\" height=\"296\" srcset=\"https:\/\/www.kalitepouviv.fr\/wp-content\/uploads\/2024\/11\/Equipe-de-travail-Canva-1024x593.png 1024w, https:\/\/www.kalitepouviv.fr\/wp-content\/uploads\/2024\/11\/Equipe-de-travail-Canva-300x174.png 300w, https:\/\/www.kalitepouviv.fr\/wp-content\/uploads\/2024\/11\/Equipe-de-travail-Canva-768x445.png 768w, https:\/\/www.kalitepouviv.fr\/wp-content\/uploads\/2024\/11\/Equipe-de-travail-Canva-1536x889.png 1536w, https:\/\/www.kalitepouviv.fr\/wp-content\/uploads\/2024\/11\/Equipe-de-travail-Canva.png 1584w\" sizes=\"(max-width: 511px) 100vw, 511px\" \/><\/figure><\/div>\n\n\n<p>Le complexe L\u00e9 Koklaya organise une formation pour l&rsquo;ensemble des salari\u00e9s sur  \u00a0\u00bb SENSIBILISATION AUX ENJEUX DE LA BIENTRAITANCE\u00a0\u00bb, le mardi 3 d\u00e9cembre 2024.<\/p>\n\n\n\n<p>Tous professionnels, quel que soit son m\u00e9tier jouent un r\u00f4le essentiel \u00e0 une culture de la bientraitance au sein de nos services. Ce s\u00e9minaire offre une opportunit\u00e9 de construire ensemble cette culture gr\u00e2ce \u00e0 l\u2019acquisition des fondamentaux et gr\u00e2ce \u00e0 l\u2019analyse collective et un partage d\u2019exp\u00e9riences. Il permettra d\u2019identifier des pistes d&rsquo;am\u00e9lioration pour renforcer nos pratiques et notre organisation, au b\u00e9n\u00e9fice des usagers, de leurs familles, de leurs proches et des professionnels.<\/p>\n\n\n\n<p>Chacun \u00e9tant un acteur cl\u00e9 \u00e0 l\u2019am\u00e9lioration de la qualit\u00e9 des prestations et \u00e0 la vie des services.<\/p>\n\n\n\n<p>Les \u00e9changes sur les pratiques actuelles mettront en lumi\u00e8re les r\u00e9ussites&nbsp;; les groupes de travail feront \u00e9merger des pistes d\u2019am\u00e9lioration pour envisager durablement la bientraitance au sein de nos services.<\/p>\n\n\n\n<p>Ce s\u00e9minaire est une invitation \u00e0 transformer\u00a0<em>(ou construire)<\/em>\u00a0ensemble notre approche et notre vision collective de l\u2019accompagnement bienveillant pour\u00a0 tous au quotidien.<\/p>\n\n\n\n<p>Cette formation sera dispens\u00e9e par AC3S.<\/p>\n\n\n\n<figure class=\"wp-block-image size-full is-resized\"><img decoding=\"async\" loading=\"lazy\" src=\"https:\/\/www.kalitepouviv.fr\/wp-content\/uploads\/2024\/11\/AC3S-logo.jpgs_.png\" alt=\"\" class=\"wp-image-10322\" width=\"228\" height=\"75\" srcset=\"https:\/\/www.kalitepouviv.fr\/wp-content\/uploads\/2024\/11\/AC3S-logo.jpgs_.png 600w, https:\/\/www.kalitepouviv.fr\/wp-content\/uploads\/2024\/11\/AC3S-logo.jpgs_-300x99.png 300w\" sizes=\"(max-width: 228px) 100vw, 228px\" \/><\/figure>\n\n\n\n<p><\/p>\n","protected":false},"excerpt":{"rendered":"<p>SENSIBILISATION AUX ENJEUX DE LA BIENTRAITANCE : La bientraitance, l\u2019affaire de tous pour tous ! Le complexe L\u00e9 Koklaya organise une formation pour l&rsquo;ensemble des salari\u00e9s sur \u00a0\u00bb SENSIBILISATION AUX ENJEUX DE LA BIENTRAITANCE\u00a0\u00bb, le mardi 3 d\u00e9cembre 2024. Tous professionnels, quel que soit son m\u00e9tier jouent un r\u00f4le essentiel \u00e0 une culture de la&#8230;<\/p>\n","protected":false},"author":2,"featured_media":0,"comment_status":"closed","ping_status":"open","sticky":false,"template":"","format":"standard","meta":[],"categories":[17],"tags":[],"_links":{"self":[{"href":"https:\/\/www.kalitepouviv.fr\/index.php\/wp-json\/wp\/v2\/posts\/10321"}],"collection":[{"href":"https:\/\/www.kalitepouviv.fr\/index.php\/wp-json\/wp\/v2\/posts"}],"about":[{"href":"https:\/\/www.kalitepouviv.fr\/index.php\/wp-json\/wp\/v2\/types\/post"}],"author":[{"embeddable":true,"href":"https:\/\/www.kalitepouviv.fr\/index.php\/wp-json\/wp\/v2\/users\/2"}],"replies":[{"embeddable":true,"href":"https:\/\/www.kalitepouviv.fr\/index.php\/wp-json\/wp\/v2\/comments?post=10321"}],"version-history":[{"count":1,"href":"https:\/\/www.kalitepouviv.fr\/index.php\/wp-json\/wp\/v2\/posts\/10321\/revisions"}],"predecessor-version":[{"id":10324,"href":"https:\/\/www.kalitepouviv.fr\/index.php\/wp-json\/wp\/v2\/posts\/10321\/revisions\/10324"}],"wp:attachment":[{"href":"https:\/\/www.kalitepouviv.fr\/index.php\/wp-json\/wp\/v2\/media?parent=10321"}],"wp:term":[{"taxonomy":"category","embeddable":true,"href":"https:\/\/www.kalitepouviv.fr\/index.php\/wp-json\/wp\/v2\/categories?post=10321"},{"taxonomy":"post_tag","embeddable":true,"href":"https:\/\/www.kalitepouviv.fr\/index.php\/wp-json\/wp\/v2\/tags?post=10321"}],"curies":[{"name":"wp","href":"https:\/\/api.w.org\/{rel}","templated":true}]}}