{"id":9261,"date":"2020-12-03T09:50:45","date_gmt":"2020-12-03T13:50:45","guid":{"rendered":"https:\/\/www.kalitepouviv.fr\/?p=9261"},"modified":"2020-12-03T10:43:39","modified_gmt":"2020-12-03T14:43:39","slug":"canope-laventure-continue","status":"publish","type":"post","link":"https:\/\/www.kalitepouviv.fr\/index.php\/2020\/12\/03\/canope-laventure-continue\/","title":{"rendered":"CANOP\u00c9 : L&rsquo;aventure continue"},"content":{"rendered":"\n<h2>La compl\u00e9mentarit\u00e9 de la r\u00e9ponse sociale prend tout son sens \u2026<\/h2>\n\n\n\n<p>Les enfants et les jeunes en situation de handicap, qu&rsquo;il soit mental, cognitif ou sensoriel, rencontrent des difficult\u00e9s communes limitant leur autonomie et pouvant modifier leurs relations au autres. Exploiter le potentiel des nouvelles technologies fait partie des  solutions les plus innovantes pour r\u00e9pondre \u00e0 ce vrai probl\u00e8me de  soci\u00e9t\u00e9.<\/p>\n\n\n\n<p>Le 28 novembre\n2020, les organisations CANOPE et Kalit\u00e9pouviv ont r\u00e9it\u00e9r\u00e9 leur engagement lors\nd\u2019une signature conventionnelle. La finalit\u00e9 de cette d\u00e9marche est de permettre\n\u00e0 l\u2019\u00e9l\u00e8ve en situation de handicap de b\u00e9n\u00e9ficier d\u2019un accompagnement ajust\u00e9 \u00e0\nses besoins. <\/p>\n\n\n\n<div class=\"wp-block-image\"><figure class=\"aligncenter is-resized\"><img decoding=\"async\" loading=\"lazy\" src=\"https:\/\/www.kalitepouviv.fr\/wp-content\/uploads\/2020\/12\/20201127_182919-993x1024.jpg\" alt=\"\" class=\"wp-image-9267\" width=\"405\" height=\"418\" srcset=\"https:\/\/www.kalitepouviv.fr\/wp-content\/uploads\/2020\/12\/20201127_182919-993x1024.jpg 993w, https:\/\/www.kalitepouviv.fr\/wp-content\/uploads\/2020\/12\/20201127_182919-291x300.jpg 291w, https:\/\/www.kalitepouviv.fr\/wp-content\/uploads\/2020\/12\/20201127_182919-768x792.jpg 768w, https:\/\/www.kalitepouviv.fr\/wp-content\/uploads\/2020\/12\/20201127_182919.jpg 1908w\" sizes=\"(max-width: 405px) 100vw, 405px\" \/><figcaption>Signature de la Convention &#8211; Mme \u00c9LUTHER Aminata, Directrice G\u00e9n\u00e9rale du r\u00e9seau CANOP\u00c9 et Mr Michel DORVILLE, Directeur g\u00e9n\u00e9ral du Complexe L\u00e9 Koklaya<\/figcaption><\/figure><\/div>\n\n\n\n<p>Les parties se\nsont fix\u00e9es comme objectif pour 2021 &#8211; le d\u00e9veloppement d\u2019une expertise\npartag\u00e9e dans leur domaine de comp\u00e9tences respectif&nbsp;: <\/p>\n\n\n\n<ul><li>CANOPE\npoursuit l\u2019ouverture de ces ateliers \u00e0 des actions de sensibilisation anim\u00e9es\npar les professionnels de Kalit\u00e9pouviv, \u00e0 destination des \u00e9quipes p\u00e9dagogiques<\/li><li>&nbsp;Les professionnels de Kalit\u00e9pouviv pourront\naffiner leur connaissance de la question p\u00e9dagogique et ses \u00e9volutions, par le\nbiais de CANOPE<\/li><\/ul>\n\n\n\n<p>Les signataires se sont laiss\u00e9s la possibilit\u00e9 d\u2019avoir un espace d\u00e9di\u00e9 \u00e0 la cr\u00e9ation d\u2019outils p\u00e9dagogiques adapt\u00e9s.<\/p>\n\n\n\n<p style=\"text-align:right\"><em>Article r\u00e9dig\u00e9 par Marie-Michelle RAMOTHE, R\u00e9f\u00e9rente r\u00e9seaux et coop\u00e9ration<\/em><\/p>\n","protected":false},"excerpt":{"rendered":"<p>La compl\u00e9mentarit\u00e9 de la r\u00e9ponse sociale prend tout son sens \u2026 Les enfants et les jeunes en situation de handicap, qu&rsquo;il soit mental, cognitif ou sensoriel, rencontrent des difficult\u00e9s communes limitant leur autonomie et pouvant modifier leurs relations au autres. Exploiter le potentiel des nouvelles technologies fait partie des solutions les plus innovantes pour r\u00e9pondre&#8230;<\/p>\n","protected":false},"author":2,"featured_media":0,"comment_status":"closed","ping_status":"open","sticky":false,"template":"","format":"standard","meta":[],"categories":[17],"tags":[],"_links":{"self":[{"href":"https:\/\/www.kalitepouviv.fr\/index.php\/wp-json\/wp\/v2\/posts\/9261"}],"collection":[{"href":"https:\/\/www.kalitepouviv.fr\/index.php\/wp-json\/wp\/v2\/posts"}],"about":[{"href":"https:\/\/www.kalitepouviv.fr\/index.php\/wp-json\/wp\/v2\/types\/post"}],"author":[{"embeddable":true,"href":"https:\/\/www.kalitepouviv.fr\/index.php\/wp-json\/wp\/v2\/users\/2"}],"replies":[{"embeddable":true,"href":"https:\/\/www.kalitepouviv.fr\/index.php\/wp-json\/wp\/v2\/comments?post=9261"}],"version-history":[{"count":7,"href":"https:\/\/www.kalitepouviv.fr\/index.php\/wp-json\/wp\/v2\/posts\/9261\/revisions"}],"predecessor-version":[{"id":9271,"href":"https:\/\/www.kalitepouviv.fr\/index.php\/wp-json\/wp\/v2\/posts\/9261\/revisions\/9271"}],"wp:attachment":[{"href":"https:\/\/www.kalitepouviv.fr\/index.php\/wp-json\/wp\/v2\/media?parent=9261"}],"wp:term":[{"taxonomy":"category","embeddable":true,"href":"https:\/\/www.kalitepouviv.fr\/index.php\/wp-json\/wp\/v2\/categories?post=9261"},{"taxonomy":"post_tag","embeddable":true,"href":"https:\/\/www.kalitepouviv.fr\/index.php\/wp-json\/wp\/v2\/tags?post=9261"}],"curies":[{"name":"wp","href":"https:\/\/api.w.org\/{rel}","templated":true}]}}