{"id":9339,"date":"2021-02-22T07:07:18","date_gmt":"2021-02-22T11:07:18","guid":{"rendered":"https:\/\/www.kalitepouviv.fr\/?p=9339"},"modified":"2021-02-22T07:30:40","modified_gmt":"2021-02-22T11:30:40","slug":"creation-du-systeme-dinformation-et-de-communication-du-complexe-le-koklaya-un-projet-cofinance-par-le-feder","status":"publish","type":"post","link":"https:\/\/www.kalitepouviv.fr\/index.php\/2021\/02\/22\/creation-du-systeme-dinformation-et-de-communication-du-complexe-le-koklaya-un-projet-cofinance-par-le-feder\/","title":{"rendered":"Cr\u00e9ation du syst\u00e8me d&rsquo;information et de communication du complexe L\u00e9 Koklaya &#8211; Un projet cofinanc\u00e9 par le Feder"},"content":{"rendered":"\n<h2>Cr\u00e9ation du syst\u00e8me d&rsquo;information et de communication du complexe L\u00e9 Koklaya &#8211; Un projet cofinanc\u00e9 par le Feder<\/h2>\n\n\n\n<div class=\"wp-block-image\"><figure class=\"aligncenter\"><a href=\"https:\/\/www.europe-guadeloupe.fr\/\"><img decoding=\"async\" loading=\"lazy\" width=\"400\" height=\"88\" src=\"https:\/\/www.kalitepouviv.fr\/wp-content\/uploads\/2021\/01\/logoeuropekalitev2.fw_.png\" alt=\"\" class=\"wp-image-9305\" srcset=\"https:\/\/www.kalitepouviv.fr\/wp-content\/uploads\/2021\/01\/logoeuropekalitev2.fw_.png 400w, https:\/\/www.kalitepouviv.fr\/wp-content\/uploads\/2021\/01\/logoeuropekalitev2.fw_-300x66.png 300w\" sizes=\"(max-width: 400px) 100vw, 400px\" \/><\/a><\/figure><\/div>\n\n\n\n<h4><strong><em>Description du projet<\/em><\/strong><\/h4>\n\n\n\n<p>Le\nprojet consiste \u00e0&nbsp;:<\/p>\n\n\n\n<ul><li>Moderniser le syst\u00e8me d\u2019information et de\ncommunication du Complexe m\u00e9dicosocial L\u00e9 Koklaya, implant\u00e9 sur le territoire\ndes Abymes. <\/li><li>Acqu\u00e9rir un syst\u00e8me d\u2019information et de communication\ncentralis\u00e9, mutualis\u00e9 et s\u00e9curis\u00e9 accessible \u00e0 l\u2019ensemble du personnel sans\nrestriction de zones g\u00e9ographiques. <\/li><li>Cr\u00e9er et collaborer avec des partenaires internes et\nexternes faisant partie du r\u00e9seau de nos usagers (m\u00e9decins traitants, CHU,\n\u00e9coles, etc.)<\/li><li>Permettre aux usagers (enfants) d\u2019avoir un parcours de\nsoins unique et num\u00e9ris\u00e9 (prise en charge des usagers de 0 \u00e0 20 ans sans\ninterruption et quel que soit leurs pathologies). <\/li><li>Collecter et partager les informations concernant\nchaque usager dans une base de donn\u00e9es unique. <\/li><li>Outre le mat\u00e9riel informatique de base (PC et\nlogiciels), vid\u00e9oprojecteur et \u00e9crans, l\u2019op\u00e9ration concerne aussi l\u2019acquisition\nd\u2019imprimante pour la production de documentations vari\u00e9es destin\u00e9es \u00e0\nl\u2019information des usagers, de leurs familles (l\u2019imprimante braille \u00e9tant un\nmat\u00e9riel indispensable dans le processus de soins et autre assistance apport\u00e9s\naux usagers non-voyants et malvoyants<\/li><\/ul>\n\n\n\n<div class=\"wp-block-cover alignright has-background-dim-40 has-background-dim\" style=\"background-image:url(https:\/\/www.kalitepouviv.fr\/wp-content\/uploads\/2020\/11\/Complexe-L\u00e9-Koklaya.png);background-position:50% 50%\"><div class=\"wp-block-cover__inner-container\">\n<p style=\"text-align:center\" class=\"has-large-font-size\"><strong>Chiffres cl\u00e9s<\/strong><\/p>\n\n\n\n<p><strong>Co\u00fbt total\u00a0:<\/strong>\u00a0252\u00a0295.18 \u20ac <strong>FEDER\u00a0:<\/strong>\u00a0113\u00a0532.83 \u20ac<br><strong>D\u00e9but de projet\u00a0:<\/strong>\u00a02019<br><strong>Dur\u00e9e\u00a0:<\/strong>\u00a024 mois <\/p>\n<\/div><\/div>\n\n\n\n<h4><strong><em>R\u00e9sultats escompt\u00e9s <\/em><\/strong><\/h4>\n\n\n\n<p> Le projet \u00ab\u00a0Cr\u00e9ation du syst\u00e8me d&rsquo;information et de communication du complexe L\u00e9 Koklaya\u00bb am\u00e9liorera les conditions de travail, permettra un meilleur accompagnement des usagers, une meilleure circulation de l\u2019information interne et externe, et assurera une gestion de qualit\u00e9 des flux d\u2019information au sein de l\u2019entreprise. <\/p>\n\n\n\n<p><strong><em>T\u00e9moignage<\/em><\/strong><\/p>\n\n\n\n<p>\u00ab&nbsp;La contribution du FEDER \u00e0 notre\nprojet, nous a permis de le <em>&nbsp;concr\u00e9tiser plus rapidement , et de&nbsp; renforcer la qualit\u00e9 de notre service et de\nla vie au travail<\/em>\u00bb Michel Dorville, Directeur G\u00e9n\u00e9ral de\nKalit\u00e9pouviv.<\/p>\n","protected":false},"excerpt":{"rendered":"<p>Cr\u00e9ation du syst\u00e8me d&rsquo;information et de communication du complexe L\u00e9 Koklaya &#8211; Un projet cofinanc\u00e9 par le Feder Description du projet Le projet consiste \u00e0&nbsp;: Moderniser le syst\u00e8me d\u2019information et de communication du Complexe m\u00e9dicosocial L\u00e9 Koklaya, implant\u00e9 sur le territoire des Abymes. Acqu\u00e9rir un syst\u00e8me d\u2019information et de communication centralis\u00e9, mutualis\u00e9 et s\u00e9curis\u00e9 accessible&#8230;<\/p>\n","protected":false},"author":2,"featured_media":0,"comment_status":"closed","ping_status":"open","sticky":false,"template":"","format":"standard","meta":[],"categories":[17],"tags":[],"_links":{"self":[{"href":"https:\/\/www.kalitepouviv.fr\/index.php\/wp-json\/wp\/v2\/posts\/9339"}],"collection":[{"href":"https:\/\/www.kalitepouviv.fr\/index.php\/wp-json\/wp\/v2\/posts"}],"about":[{"href":"https:\/\/www.kalitepouviv.fr\/index.php\/wp-json\/wp\/v2\/types\/post"}],"author":[{"embeddable":true,"href":"https:\/\/www.kalitepouviv.fr\/index.php\/wp-json\/wp\/v2\/users\/2"}],"replies":[{"embeddable":true,"href":"https:\/\/www.kalitepouviv.fr\/index.php\/wp-json\/wp\/v2\/comments?post=9339"}],"version-history":[{"count":6,"href":"https:\/\/www.kalitepouviv.fr\/index.php\/wp-json\/wp\/v2\/posts\/9339\/revisions"}],"predecessor-version":[{"id":9345,"href":"https:\/\/www.kalitepouviv.fr\/index.php\/wp-json\/wp\/v2\/posts\/9339\/revisions\/9345"}],"wp:attachment":[{"href":"https:\/\/www.kalitepouviv.fr\/index.php\/wp-json\/wp\/v2\/media?parent=9339"}],"wp:term":[{"taxonomy":"category","embeddable":true,"href":"https:\/\/www.kalitepouviv.fr\/index.php\/wp-json\/wp\/v2\/categories?post=9339"},{"taxonomy":"post_tag","embeddable":true,"href":"https:\/\/www.kalitepouviv.fr\/index.php\/wp-json\/wp\/v2\/tags?post=9339"}],"curies":[{"name":"wp","href":"https:\/\/api.w.org\/{rel}","templated":true}]}}